
{"id":6350,"date":"2026-01-25T23:59:16","date_gmt":"2026-01-25T22:59:16","guid":{"rendered":"https:\/\/www.jazzkeller69.de\/wp\/?p=6350"},"modified":"2025-11-20T00:34:41","modified_gmt":"2025-11-19T23:34:41","slug":"nordsno-ensemble","status":"publish","type":"post","link":"https:\/\/www.jazzkeller69.de\/wp\/2026\/01\/nordsno-ensemble\/","title":{"rendered":"Nordsn\u00f8 Ensemble"},"content":{"rendered":"<p><span style=\"color: #ffffff;\"><img loading=\"lazy\" decoding=\"async\" class=\"alignright\" title=\"Nordsn\u00f8 Ensemble\" src=\"https:\/\/nordsnoensemble.com\/wp-content\/uploads\/2024\/10\/000129410019-1-2048x1358.jpeg\" alt=\"Nordsn\u00f8 Ensemble\" width=\"349\" height=\"231\" \/>Lotta Leitz &#8211; vocals<\/span><br \/>\n<span style=\"color: #ffffff;\">Vincent Dombrowski &#8211; saxofone,flute<\/span><br \/>\n<span style=\"color: #ffffff;\">Ken Dombrowski &#8211; trombone<\/span><br \/>\n<span style=\"color: #ffffff;\">Sandro Saez &#8211; piano<\/span><br \/>\n<span style=\"color: #ffffff;\">Lucy Liebe &#8211; guitar<\/span><br \/>\n<span style=\"color: #ffffff;\">Vincent Niessen &#8211; bass<\/span><br \/>\n<span style=\"color: #ffffff;\">Lukas Schwegmann &#8211; percussion<\/span><br \/>\n<span style=\"color: #ffffff;\">Johannes Metzger &#8211; drums<\/span><\/p>\n<p>Das <strong><em>Nordsn\u00f8 Ensemble<\/em><\/strong> widmet sich der Verbindung skandinavischer Folklore mit Elementen des modernen Jazz und des progressiven Rock.<br \/>\nMystische Stimmungen in skandinavischen Volksliedern treffen auf sph\u00e4rische Klangwelten, durchdringende Rhythmen und lyrischen Gesang.<\/p>\n<p>Der Fokus der Band liegt auf traditionellen Liedern und ihren Texten, die durch \u00fcppige und reichhaltige Arrangements sowie melodi\u00f6se Improvisationen neu interpretiert werden.<\/p>\n<p>Der H\u00f6rer taucht ein in die unber\u00fchrte Weite der<em> Fjorde<\/em>, wandert durch die W\u00e4lder und sp\u00fcrt die Mystik der Berge Skandinaviens, so dass er f\u00fcr eine Weile seinem turbulenten Alltag entfliehen kann.<\/p>\n<p>&nbsp;<\/p>\n<p class=\"tophead\" style=\"text-align: center;\"><span style=\"color: #ffffff;\">Vorverkauf \u00fcber <\/span><a href=\"https:\/\/www.eventbrite.de\/e\/1973311707437\" target=\"_blank\" rel=\"noopener\">Eventbrite<\/a><\/p>\n<p style=\"text-align: center;\"><em><br \/>\nUnterst\u00fctzt mit Mitteln der Senatsverwaltung f\u00fcr Kultur und Gesellschaftlichen Zusammenhalt, Projektf\u00f6rderung Jazz<\/em><\/p>\n","protected":false},"excerpt":{"rendered":"<p>Nordsn\u00f8 Ensemble<\/p>\n","protected":false},"author":8,"featured_media":0,"comment_status":"closed","ping_status":"closed","sticky":false,"template":"","format":"standard","meta":{"footnotes":""},"categories":[6],"tags":[],"class_list":["post-6350","post","type-post","status-publish","format-standard","hentry","category-gigs"],"_links":{"self":[{"href":"https:\/\/www.jazzkeller69.de\/wp\/wp-json\/wp\/v2\/posts\/6350","targetHints":{"allow":["GET"]}}],"collection":[{"href":"https:\/\/www.jazzkeller69.de\/wp\/wp-json\/wp\/v2\/posts"}],"about":[{"href":"https:\/\/www.jazzkeller69.de\/wp\/wp-json\/wp\/v2\/types\/post"}],"author":[{"embeddable":true,"href":"https:\/\/www.jazzkeller69.de\/wp\/wp-json\/wp\/v2\/users\/8"}],"replies":[{"embeddable":true,"href":"https:\/\/www.jazzkeller69.de\/wp\/wp-json\/wp\/v2\/comments?post=6350"}],"version-history":[{"count":0,"href":"https:\/\/www.jazzkeller69.de\/wp\/wp-json\/wp\/v2\/posts\/6350\/revisions"}],"wp:attachment":[{"href":"https:\/\/www.jazzkeller69.de\/wp\/wp-json\/wp\/v2\/media?parent=6350"}],"wp:term":[{"taxonomy":"category","embeddable":true,"href":"https:\/\/www.jazzkeller69.de\/wp\/wp-json\/wp\/v2\/categories?post=6350"},{"taxonomy":"post_tag","embeddable":true,"href":"https:\/\/www.jazzkeller69.de\/wp\/wp-json\/wp\/v2\/tags?post=6350"}],"curies":[{"name":"wp","href":"https:\/\/api.w.org\/{rel}","templated":true}]}}