
{"id":6321,"date":"2025-11-30T23:55:38","date_gmt":"2025-11-30T22:55:38","guid":{"rendered":"https:\/\/www.jazzkeller69.de\/wp\/?p=6321"},"modified":"2025-11-02T16:48:25","modified_gmt":"2025-11-02T15:48:25","slug":"warelis-stoffner-fischerlehner","status":"publish","type":"post","link":"https:\/\/www.jazzkeller69.de\/wp\/2025\/11\/warelis-stoffner-fischerlehner\/","title":{"rendered":"WARELIS \/ STOFFNER \/ FISCHERLEHNER"},"content":{"rendered":"<p><span style=\"color: #ffffff;\"><img loading=\"lazy\" decoding=\"async\" class=\"alignright\" title=\"WARELIS \/ STOFFNER \/ FISCHERLEHNER\" src=\"https:\/\/www.einsteinkultur.de\/wp-content\/uploads\/Warelis-Stoffner-Fischerlehner_cDawidLaskowski-768x512.jpg\" alt=\"WARELIS \/ STOFFNER \/ FISCHERLEHNER\" width=\"297\" height=\"198\" \/>Marta Warelis &#8211; piano<\/span><br \/>\n<span style=\"color: #ffffff;\">Florian Stoffner &#8211; e-guitar\u00a0<\/span><br \/>\n<span style=\"color: #ffffff;\">Rudi Fischerlehner \u2013 drums, percussion<\/span><\/p>\n<p>Ein neues spannendes Trio, das drei aktive Musiker aus der europ\u00e4ischen Jazz- und Improv-Szene vereint: die in Amsterdam lebende Pianistin <strong><em>Marta Warelis<\/em> <\/strong>ist als Solistin und durch ihre Zusammenarbeiten mit Musikern wie <em>Wilbert de Joode, Ab Baars, Dave Douglas<\/em> und <em>Kaja Draksler<\/em> bekannt.<br \/>\nDer Gitarrist <strong><em>Florian Stoffner<\/em><\/strong> lebt in Z\u00fcrich und arbeitet u.a. mit <em>Paul Lovens, Rudi Mahall, Chris Corsano<\/em> und <em>John Butcher<\/em>.<br \/>\nDer in Berlin lebende \u00d6sterreicher <strong><em>Rudi Fischerlehner<\/em><\/strong> hat zwei Schlagzeug-Solo-Alben ver\u00f6ffentlicht und ist mit Bands wie <em>Xenofox, Der Dritte Stand, Gorilla Mask<\/em> oder dem <em>Julie Sassoon Quartet<\/em> assoziiert.<br \/>\nDie Band fand sich erstmals 2023 auf Einladung des <em>Spontaneous Music Festivals<\/em> im polnischen Poznan zusammen und ein Mitschnitt dieses Auftritts ist in Folge als Live-Album erschienen.<\/p>\n<p><em>&#8222;It&#8217;s mind-blowing! The trio&#8217;s magnificent fury sublimates the high level of each of the three improvisers, propelling them into a state of trance rarely achieved. An extreme quality of collective invention that goes far beyond and above individual musicianship. A must-see!&#8220;<\/em><br \/>\n<em>~ Orynx \u2013 Improv and Sounds<\/em><\/p>\n<p><em>&#8222;Ein feinsinnig intellektuelles Dreiergespann, das durchaus Mut zur Spr\u00f6dheit beweist.&#8220;<\/em><br \/>\n<em>~ FreiStil<\/em><\/p>\n<p><em>&#8222;Many had their appetites sharpened for this set in particular, and it seems that all our expectations were met&#8230;&#8220;<\/em><br \/>\n<em>~ Spontaneous Music Tribune<\/em><\/p>\n<p><em><a href=\"https:\/\/spontaneousliveseries.bandcamp.com\/album\/spontaneous-live-series-014\" target=\"_blank\" rel=\"noopener\">spontaneousliveseries.bandcamp.com<\/a><\/em><br \/>\n<em><a href=\"https:\/\/www.rudifischerlehner.net\" target=\"_blank\" rel=\"noopener\">www.rudifischerlehner.net<\/a><\/em><br \/>\n<em><a href=\"https:\/\/www.martawarelis.com\/\" target=\"_blank\" rel=\"noopener\">www.martawarelis.com<\/a><\/em><br \/>\n<a href=\"https:\/\/fstoffner.wixsite.com\/flostoffner\" target=\"_blank\" rel=\"noopener\"><em>fstoffner.wixsite.com<\/em><\/a><\/p>\n<p>&nbsp;<\/p>\n<p class=\"tophead\" style=\"text-align: center;\"><span style=\"color: #ffffff;\">Vorverkauf \u00fcber <\/span><a href=\"https:\/\/www.eventbrite.de\/e\/1777688356729\" target=\"_blank\" rel=\"noopener\">Eventbrite<\/a><\/p>\n<p style=\"text-align: center;\"><em><br \/>\nUnterst\u00fctzt mit Mitteln der Senatsverwaltung f\u00fcr Kultur und Gesellschaftlichen Zusammenhalt, Projektf\u00f6rderung Jazz<\/em><\/p>\n","protected":false},"excerpt":{"rendered":"<p>WARELIS \/ STOFFNER \/ FISCHERLEHNER<\/p>\n","protected":false},"author":8,"featured_media":0,"comment_status":"closed","ping_status":"closed","sticky":false,"template":"","format":"standard","meta":{"footnotes":""},"categories":[6],"tags":[],"class_list":["post-6321","post","type-post","status-publish","format-standard","hentry","category-gigs"],"_links":{"self":[{"href":"https:\/\/www.jazzkeller69.de\/wp\/wp-json\/wp\/v2\/posts\/6321","targetHints":{"allow":["GET"]}}],"collection":[{"href":"https:\/\/www.jazzkeller69.de\/wp\/wp-json\/wp\/v2\/posts"}],"about":[{"href":"https:\/\/www.jazzkeller69.de\/wp\/wp-json\/wp\/v2\/types\/post"}],"author":[{"embeddable":true,"href":"https:\/\/www.jazzkeller69.de\/wp\/wp-json\/wp\/v2\/users\/8"}],"replies":[{"embeddable":true,"href":"https:\/\/www.jazzkeller69.de\/wp\/wp-json\/wp\/v2\/comments?post=6321"}],"version-history":[{"count":0,"href":"https:\/\/www.jazzkeller69.de\/wp\/wp-json\/wp\/v2\/posts\/6321\/revisions"}],"wp:attachment":[{"href":"https:\/\/www.jazzkeller69.de\/wp\/wp-json\/wp\/v2\/media?parent=6321"}],"wp:term":[{"taxonomy":"category","embeddable":true,"href":"https:\/\/www.jazzkeller69.de\/wp\/wp-json\/wp\/v2\/categories?post=6321"},{"taxonomy":"post_tag","embeddable":true,"href":"https:\/\/www.jazzkeller69.de\/wp\/wp-json\/wp\/v2\/tags?post=6321"}],"curies":[{"name":"wp","href":"https:\/\/api.w.org\/{rel}","templated":true}]}}