
{"id":5361,"date":"2022-07-09T23:55:58","date_gmt":"2022-07-09T21:55:58","guid":{"rendered":"https:\/\/www.jazzkeller69.de\/wp\/?p=5361"},"modified":"2022-07-04T18:25:39","modified_gmt":"2022-07-04T16:25:39","slug":"round-square-2","status":"publish","type":"post","link":"https:\/\/www.jazzkeller69.de\/wp\/2022\/07\/round-square-2\/","title":{"rendered":"Round Square"},"content":{"rendered":"<p><span style=\"color: #ffffff;\"><img loading=\"lazy\" decoding=\"async\" class=\"alignright\" title=\"Round Square\" src=\"https:\/\/www.jazzdepartment.com\/web\/wp-content\/uploads\/Round_Square.jpg\" alt=\"Round Square\" width=\"283\" height=\"161\" \/>Paul Engelmann \u2013\u00a0 alto sax<\/span><br \/>\n<span style=\"color: #ffffff;\"> Charlotte Joerges \u2013 alto sax<\/span><br \/>\n<span style=\"color: #ffffff;\">Paul Feise \u2013 tenor sax<\/span><br \/>\n<span style=\"color: #ffffff;\">Elli Soo\u00df \u2013 baritone sax<\/span><br \/>\n<span style=\"color: #ffffff;\"> Conrad Steinhoff \u2013 bass <\/span><br \/>\n<span style=\"color: #ffffff;\">Leon Griese \u2013 drums<\/span><\/p>\n<p>Vor gut einem Jahr ver\u00f6ffentlichte die Band ihr Deb\u00fctalbum<em> Curved Space<\/em>, das \u00fcberwiegend Kompositionen von <strong><em>Charlotte Joerges<\/em><\/strong> sowie zwei St\u00fccke aus der Feder <strong><em>Paul Engelmanns<\/em><\/strong> und eins von <strong><em>Conrad Steinhoff<\/em><\/strong> pr\u00e4sentiert.<br \/>\nManche davon m\u00f6gen im ersten Moment wegen ihrer Orientierung an g\u00e4ngigen Stilmitteln bis hin zum traditionellen Swing nicht gerade revolution\u00e4r oder gar herausfordernd erscheinen.<br \/>\nGleichwohl wirken sie dank detailgenauen Verzahnungen in sorgf\u00e4ltigen Arrangements sowie wiederkehrenden animierenden Grooves und \u00fcberraschenden Breaks hochgradig unterhaltsam.<br \/>\nDie zwei Saxophonistinnen und zwei Saxophonisten unterscheiden sich in Ausdruck, Ideen und Interpretationen, sind sich aber in der Gestaltung einig, was vielleicht auch daran liegt, dass <em>Feise, Soo\u00df<\/em> und <em>Engelmann<\/em> ehemalige Mitglieder von <em>JayJayBeCe<\/em> sind.<br \/>\nAlt-Saxophonist <em>Engelmann<\/em> ist au\u00dferdem bereits in Projekten mit <em>John Schr\u00f6der<\/em> und<em> Alexander von Schlippenbach<\/em> aufgefallen.<br \/>\n<em><a href=\"https:\/\/charlottejoerges.wordpress.com\/round-square\/\" target=\"_blank\" rel=\"noopener\">round-square<\/a><\/em><\/p>\n<p>&nbsp;<\/p>\n<p>&nbsp;<\/p>\n<h1>Bauhauskapellentraum<\/h1>\n<p><span style=\"color: #ffffff;\">J<img loading=\"lazy\" decoding=\"async\" class=\"alignright\" title=\"Bauhauskapellentraum\" src=\"https:\/\/www.jazzinstitut.de\/wp-content\/uploads\/2021\/11\/2022_01_15_Bauhauskapellentraum_Foto_Dovile-Sermokas-e1638281452803-604x270.jpg\" alt=\"Bauhauskapellentraum\" width=\"298\" height=\"137\" \/>acobien Vlasman &#8211; vocals<\/span><br \/>\n<span style=\"color: #ffffff;\"> Almut Schlichting &#8211; bariton sax<\/span><br \/>\n<span style=\"color: #ffffff;\"> Daniel Meyer &#8211; guitar <\/span><br \/>\n<span style=\"color: #ffffff;\">Sven Hinse \u2013 bass<\/span><\/p>\n<p>Das schillernde, ziemlich ungew\u00f6hnlich besetzte Quartett <strong><em>Bauhauskapellentraum<\/em><\/strong> hat sich 2019 zum 100. Jubil\u00e4um des <em>\u201eBauhauses\u201c<\/em> gegr\u00fcndet.<br \/>\nDie Idee war, der seinerzeit am ber\u00fchmten Kunsthaus aktiven Kapelle einerseits Referenz zu erweisen, andererseits aber keine nostalgische R\u00fcckschau, sondern eine Art pers\u00f6nliche Fortsetzung von Form und \u00c4sthetik zu kreieren.<br \/>\n<em>\u201eVon der Bauhaus-Quelle aus hat sich der Interessenstrom unserer Working-Band mittlerweile verbreitert und ver\u00e4stelt\u201c<\/em>, beschreibt <strong><em>Almut Schlichting<\/em> <\/strong>die aktuelle Entwicklung,<em> \u201eSven und ich als Komponisten und alle vier als Improvisatoren bringen ein breites Spektrum an Einfl\u00fcssen in die Band.\u201c<\/em><br \/>\nDamit meint <em>Schlichting<\/em> Elemente aus Funk, Rock, Jazz, osteurop\u00e4ische Ankl\u00e4nge und kammermusikalische Klangstrukturen.<br \/>\nDer erdig-warme, selten schneidend-hohe Ton ihres Bariton-Saxophons verschlingt sich mit <strong><em>Jacobien Vlasmans<\/em> <\/strong>vollt\u00f6nender Stimme, die sich zuweilen in expressive Improvisationen steigert und\/oder elektronische Effekte zur Erweiterung ihres Klangspektrums bis ins komplett Abstrakte nutzt.<br \/>\n<em><a href=\"https:\/\/bauhauskapellentraum.de\/\" target=\"_blank\" rel=\"noopener\">bauhauskapellentraum.de<\/a><\/em><\/p>\n<p>&nbsp;<\/p>\n<p style=\"text-align: center;\"><span style=\"color: #ffffff;\"><em>Im Rahmen der &#8222;<a href=\"https:\/\/www.field-notes.berlin\/de\/festivals\/97095\/jazzwoche-berlin-4\/97096\/die-jazzwoche\/\" target=\"_blank\" rel=\"noopener\">Jazzwoche Berlin #4<\/a>\u201d<br \/>\n<\/em><\/span><br \/>\n<a href=\"https:\/\/www.field-notes.berlin\/de\/festivals\/97095\/jazzwoche-berlin-4\/97096\/die-jazzwoche\/\" target=\"_blank\" rel=\"noopener\"><img loading=\"lazy\" decoding=\"async\" class=\"aligncenter wp-image-5438\" title=\"jazzwoche berlin #4\" src=\"https:\/\/www.jazzkeller69.de\/wp\/wp-content\/uploads\/2022\/06\/logo-jazzwoche-klein.jpg\" alt=\"jazzwoche berlin #4\" width=\"159\" height=\"162\" \/><\/a><\/p>\n","protected":false},"excerpt":{"rendered":"<p>Round Square<br \/>\nBauhauskapellentraum<\/p>\n","protected":false},"author":8,"featured_media":0,"comment_status":"closed","ping_status":"closed","sticky":false,"template":"","format":"standard","meta":{"footnotes":""},"categories":[6,84],"tags":[],"class_list":["post-5361","post","type-post","status-publish","format-standard","hentry","category-gigs","category-steg06"],"_links":{"self":[{"href":"https:\/\/www.jazzkeller69.de\/wp\/wp-json\/wp\/v2\/posts\/5361","targetHints":{"allow":["GET"]}}],"collection":[{"href":"https:\/\/www.jazzkeller69.de\/wp\/wp-json\/wp\/v2\/posts"}],"about":[{"href":"https:\/\/www.jazzkeller69.de\/wp\/wp-json\/wp\/v2\/types\/post"}],"author":[{"embeddable":true,"href":"https:\/\/www.jazzkeller69.de\/wp\/wp-json\/wp\/v2\/users\/8"}],"replies":[{"embeddable":true,"href":"https:\/\/www.jazzkeller69.de\/wp\/wp-json\/wp\/v2\/comments?post=5361"}],"version-history":[{"count":0,"href":"https:\/\/www.jazzkeller69.de\/wp\/wp-json\/wp\/v2\/posts\/5361\/revisions"}],"wp:attachment":[{"href":"https:\/\/www.jazzkeller69.de\/wp\/wp-json\/wp\/v2\/media?parent=5361"}],"wp:term":[{"taxonomy":"category","embeddable":true,"href":"https:\/\/www.jazzkeller69.de\/wp\/wp-json\/wp\/v2\/categories?post=5361"},{"taxonomy":"post_tag","embeddable":true,"href":"https:\/\/www.jazzkeller69.de\/wp\/wp-json\/wp\/v2\/tags?post=5361"}],"curies":[{"name":"wp","href":"https:\/\/api.w.org\/{rel}","templated":true}]}}