
{"id":5074,"date":"2021-10-04T23:55:33","date_gmt":"2021-10-04T21:55:33","guid":{"rendered":"https:\/\/www.jazzkeller69.de\/wp\/?p=5074"},"modified":"2021-09-16T13:19:31","modified_gmt":"2021-09-16T11:19:31","slug":"georg-graewe-sonic-fiction-orchestra-extended","status":"publish","type":"post","link":"https:\/\/www.jazzkeller69.de\/wp\/2021\/10\/georg-graewe-sonic-fiction-orchestra-extended\/","title":{"rendered":"Georg Graewe &#038; Sonic Fiction Orchestra Extended"},"content":{"rendered":"<p><span style=\"color: #ffffff;\"><img loading=\"lazy\" decoding=\"async\" class=\"alignright\" title=\"Georg Gr\u00e4we, Foto by Kurt Rade\" src=\"https:\/\/250-piano-pieces-for-beethoven.com\/wp-content\/uploads\/2018\/01\/Georg_Graewe_3_by_Kurt_Rade-1024x680.jpg\" alt=\"Georg Gr\u00e4we, Foto by Kurt Rade\" width=\"287\" height=\"191\" \/>Isabelle Duthoit &#8211; clarinet<br \/>\nFrancois Houle &#8211; clarinet<br \/>\nMaria Gst\u00e4ttner &#8211; bassoon<br \/>\nSara Kowal &#8211; harp<br \/>\nLaura Strobl &#8211; viola<br \/>\nAsja Valcic &#8211; cello<br \/>\nGeorg Graewe &#8211; piano<br \/>\nPeter Herbert &#8211; bass<br \/>\nWolfgang Reisinger &#8211; drums<br \/>\nfeat. Els Vandeweyer \u2013 vibraphone<\/span><\/p>\n<p><strong><em>Graewe<\/em><\/strong> ist zu einem musikalischen Modell gelangt, bei dem sich die Nachfrage betreffend komponierten und improvisierten Abschnitten nicht stellt.<br \/>\nWie merkte <em>Pierre Boulez<\/em> einmal an? <em>\u201eZwischen Spontanem und Gelehrtem besteht von Natur aus kein Unterschied \u2026 der Impuls kann die Reflexion ebenso anstacheln wie das Kalk\u00fcl die Geste beleben kann.\u201c<\/em> Und <em>Graewe<\/em> erfindet in dieser Modalit\u00e4t.<\/p>\n<p>Bleibt noch festzuhalten, dass er mit seinem <strong><em>Sonic Fiction Orchestra<\/em><\/strong> das derzeit inhaltlich relevanteste gro\u00dfformatige Konzept entworfen hat und zum engsten Kreis wegweisender, zeitgen\u00f6ssischer Jazzkomponisten zu z\u00e4hlen ist. Besser kann man sich nicht empfehlen.<br \/>\n<em>~Brisantes Schall-Essay. Hannes Schweiger<\/em><\/p>\n<p>&nbsp;<\/p>\n<div style=\"margin-left: 7em;\">\n<p><img loading=\"lazy\" decoding=\"async\" class=\"size-full wp-image-4382 alignleft\" src=\"https:\/\/www.jazzkeller69.de\/wp\/wp-content\/uploads\/2018\/02\/musikfonds_web_color-e1546952466988.png\" alt=\"musikfonds\" width=\"100\" height=\"64\" \/><\/p>\n<p><img loading=\"lazy\" decoding=\"async\" class=\"alignleft\" src=\"https:\/\/www.bmkoes.gv.at\/dam\/jcr:c345b2f4-ec19-4aa9-98e4-e3e733bab8fd\/BMKOES_Logo_srgb.png\" alt=\"\u00f6stereischisches Bundesministerium Kunst, Kultur\" width=\"227\" height=\"61\" \/><\/p>\n<p><img loading=\"lazy\" decoding=\"async\" class=\"wp-image-5021 alignleft\" title=\"\u00d6stereischisches Kulturforum Berlin\" src=\"https:\/\/www.jazzkeller69.de\/wp\/wp-content\/uploads\/2020\/11\/logo-png.png\" alt=\"\u00d6stereischisches Kulturforum Berlin\" width=\"217\" height=\"44\" srcset=\"https:\/\/www.jazzkeller69.de\/wp\/wp-content\/uploads\/2020\/11\/logo-png.png 350w, https:\/\/www.jazzkeller69.de\/wp\/wp-content\/uploads\/2020\/11\/logo-png-150x30.png 150w\" sizes=\"(max-width: 217px) 100vw, 217px\" \/><\/p>\n<\/div>\n<p>&nbsp;<\/p>\n<p>&nbsp;<\/p>\n<p>&nbsp;<\/p>\n<p>&nbsp;<\/p>\n<p style=\"text-align: center;\"><em><span style=\"color: #ffffff;\"><strong>Corona Verhaltensregeln:<\/strong><\/span> <a href=\"https:\/\/www.jazzkeller69.de\/wp\/wp-content\/themes\/default_deleer_26\/images\/Hygienekonzept-JK69_Industriesalon.pdf\" target=\"_blank\" rel=\"noopener noreferrer\">Bitte lesen und beachten!<\/a><\/em><\/p>\n<p>&nbsp;<\/p>\n","protected":false},"excerpt":{"rendered":"<p>Georg Graewe &#038; Sonic Fiction Orchestra Extended<\/p>\n","protected":false},"author":8,"featured_media":0,"comment_status":"closed","ping_status":"closed","sticky":false,"template":"","format":"standard","meta":{"footnotes":""},"categories":[6],"tags":[],"class_list":["post-5074","post","type-post","status-publish","format-standard","hentry","category-gigs"],"_links":{"self":[{"href":"https:\/\/www.jazzkeller69.de\/wp\/wp-json\/wp\/v2\/posts\/5074","targetHints":{"allow":["GET"]}}],"collection":[{"href":"https:\/\/www.jazzkeller69.de\/wp\/wp-json\/wp\/v2\/posts"}],"about":[{"href":"https:\/\/www.jazzkeller69.de\/wp\/wp-json\/wp\/v2\/types\/post"}],"author":[{"embeddable":true,"href":"https:\/\/www.jazzkeller69.de\/wp\/wp-json\/wp\/v2\/users\/8"}],"replies":[{"embeddable":true,"href":"https:\/\/www.jazzkeller69.de\/wp\/wp-json\/wp\/v2\/comments?post=5074"}],"version-history":[{"count":0,"href":"https:\/\/www.jazzkeller69.de\/wp\/wp-json\/wp\/v2\/posts\/5074\/revisions"}],"wp:attachment":[{"href":"https:\/\/www.jazzkeller69.de\/wp\/wp-json\/wp\/v2\/media?parent=5074"}],"wp:term":[{"taxonomy":"category","embeddable":true,"href":"https:\/\/www.jazzkeller69.de\/wp\/wp-json\/wp\/v2\/categories?post=5074"},{"taxonomy":"post_tag","embeddable":true,"href":"https:\/\/www.jazzkeller69.de\/wp\/wp-json\/wp\/v2\/tags?post=5074"}],"curies":[{"name":"wp","href":"https:\/\/api.w.org\/{rel}","templated":true}]}}