
{"id":4354,"date":"2019-01-20T23:55:12","date_gmt":"2019-01-20T22:55:12","guid":{"rendered":"https:\/\/www.jazzkeller69.de\/wp\/?p=4354"},"modified":"2019-01-02T18:44:37","modified_gmt":"2019-01-02T17:44:37","slug":"hassler","status":"publish","type":"post","link":"https:\/\/www.jazzkeller69.de\/wp\/2019\/01\/hassler\/","title":{"rendered":"HASSLER"},"content":{"rendered":"<p><span style=\"color: #ffffff;\"><img loading=\"lazy\" decoding=\"async\" class=\"alignright\" title=\"hans hassler\" src=\"https:\/\/www.nga.ch\/img\/Alpentoene%20Altdorf%202013.JPG\/Ton%20and%20Tal%20Tim%20Krohn.JPG\/Hans%20Hassler003.jpg\" alt=\"hans hassler\" width=\"254\" height=\"362\" \/>Hans Hassler &#8211; acccordeon<\/span><br \/>\n<span style=\"color: #ffffff;\">Gebhard Ullmann &#8211; bass clarinet<\/span><br \/>\n<span style=\"color: #ffffff;\">J\u00fcrgen Kupke \u2013 clarinet<\/span><\/p>\n<p>Der wahre Schweizer K\u00f6nig auf dem Akkordeon. Der 1945 in Graub\u00fcnden geborene Musiker brilliert mit seinem Gang durch die verschiedensten Szenen: Volksmusik, Jazz, Filmmusik, freie Improvisation und klassische Interpretationen.<br \/>\n2008 setzte er mit seinem Deb\u00fct-Soloalbum <em>\u00abSehr Schnee, sehr Wald, sehr\u00bb<\/em> einen deutlichen Akzent in die Schweizer Musiklandschaft.<\/p>\n<p>Nun folgt der zweite Streich: Seit mehreren Jahren arbeitet <strong><em>Hassler<\/em><\/strong> an einer Hommage an einige der Urmusiker des Schweizer L\u00e4ndlers: an <em>Paul Kollegger<\/em>, der weder Noten lesen noch seine Melodien aufschreiben konnte, der aber jede Session zum Kochen brachte, an <em>Hans Fischer<\/em>, den Schwyzer\u00f6rgeler, genannt Grossmufti der B\u00fcndner L\u00e4ndlermusik, an<em> Luzi Br\u00fcesch<\/em> und <em>Kasi Geiser<\/em>.<br \/>\n<em>Hans Hassler<\/em> ehrt seine Vorfahren, indem er ihre Musik neu interpretiert und auf eigene Weise weiterf\u00fchrt.<br \/>\nIn unterschiedlichen Kombinationen. die sich alle um das Akkordeon von <em>Hans Hassler<\/em> gruppieren, beteiligen sich Hasslers altbekannte Weggef\u00e4hrten.<\/p>\n<p>&nbsp;<\/p>\n<p><em>&#8222;No Blah-Blah!\u201c<\/em> hie\u00df das Kulturhauptstadtprogramm mit \u00fcber 60 Konzerten in 20 St\u00e4dten Europas, das <strong><em>Nadin Deventer<\/em><\/strong> einst f\u00fcr die Ruhr.2010 zusammenstellte.<br \/>\nInzwischen ist die \u201e<em>Netzwerkerin einer neuen Generation\u201c<\/em> (Der Westen 22.2.2013) die erste Leiterin des alt-ehrw\u00fcrdigen Jazzfests Berlin und stellt mit ihrer ersten Ausgabe gleich eine wesentliche Frage: <em>\u201eWhen did your heart break?&#8220;<br \/>\n<\/em>Genau die Richtige, um ihr einmal wichtige Fragen zu stellen:<br \/>\nWie arbeitet man als Festivalmacherin?<br \/>\nWie frei ist eigentlich der Jazz heute? Also offen, divers und integrativ?<br \/>\nWie ist es dir ergangen mit der Berufung, wurdest du mit offenen Armen empfangen oder \u00fcberwiegen Schranken und <img loading=\"lazy\" decoding=\"async\" class=\"alignright size-thumbnail wp-image-4327\" src=\"https:\/\/www.jazzkeller69.de\/wp\/wp-content\/uploads\/2018\/10\/bpb_logo_rgb-150x70.gif\" alt=\"\" width=\"150\" height=\"70\" \/>das altbe w\u00e4hrte Platzhirschtum und Blah-Blah?<br \/>\nSicher nicht in diesem Gespr\u00e4ch mit <strong><em>Tobias Richtsteig<\/em><\/strong>.<\/p>\n<p>Gespr\u00e4ch und Konzert wird gef\u00f6rdert mit Mitteln der <em><a href=\"https:\/\/www.bpb.de\/\" target=\"_blank\" rel=\"noopener noreferrer\">Bundeszentrale f\u00fcr politisc<\/a><\/em><em><a href=\"https:\/\/www.bpb.de\/\" target=\"_blank\" rel=\"noopener noreferrer\">he Bildung<\/a><\/em><\/p>\n<p>&nbsp;<\/p>\n<p>Ein Besuch lohnt nicht nur wegen unseres Konzertangebots. Das Industrieareal in Obersch\u00f6neweide gilt als gr\u00f6\u00dftes zusammenh\u00e4ngendes Industriedenkmal Europas. Im Industriesalon Sch\u00f6neweide ist diese Geschichte sichtbar.<br \/>\n&#8222;<a href=\"http:\/\/industriesalon.de\/fuehrungen\/495-elektropolis-tour\" target=\"_blank\" rel=\"noopener\">Elektropolis-Tour<\/a>&#8220; Jeden Sonntag um 12 Uhr,Treffpunkt: Industriesalon<\/p>\n","protected":false},"excerpt":{"rendered":"<p>HASSLER<\/p>\n","protected":false},"author":8,"featured_media":0,"comment_status":"closed","ping_status":"closed","sticky":false,"template":"","format":"standard","meta":{"footnotes":""},"categories":[6],"tags":[],"class_list":["post-4354","post","type-post","status-publish","format-standard","hentry","category-gigs"],"_links":{"self":[{"href":"https:\/\/www.jazzkeller69.de\/wp\/wp-json\/wp\/v2\/posts\/4354","targetHints":{"allow":["GET"]}}],"collection":[{"href":"https:\/\/www.jazzkeller69.de\/wp\/wp-json\/wp\/v2\/posts"}],"about":[{"href":"https:\/\/www.jazzkeller69.de\/wp\/wp-json\/wp\/v2\/types\/post"}],"author":[{"embeddable":true,"href":"https:\/\/www.jazzkeller69.de\/wp\/wp-json\/wp\/v2\/users\/8"}],"replies":[{"embeddable":true,"href":"https:\/\/www.jazzkeller69.de\/wp\/wp-json\/wp\/v2\/comments?post=4354"}],"version-history":[{"count":0,"href":"https:\/\/www.jazzkeller69.de\/wp\/wp-json\/wp\/v2\/posts\/4354\/revisions"}],"wp:attachment":[{"href":"https:\/\/www.jazzkeller69.de\/wp\/wp-json\/wp\/v2\/media?parent=4354"}],"wp:term":[{"taxonomy":"category","embeddable":true,"href":"https:\/\/www.jazzkeller69.de\/wp\/wp-json\/wp\/v2\/categories?post=4354"},{"taxonomy":"post_tag","embeddable":true,"href":"https:\/\/www.jazzkeller69.de\/wp\/wp-json\/wp\/v2\/tags?post=4354"}],"curies":[{"name":"wp","href":"https:\/\/api.w.org\/{rel}","templated":true}]}}